{"id":46224,"date":"2023-01-23T15:00:08","date_gmt":"2023-01-23T15:00:08","guid":{"rendered":"https:\/\/apadariaportuguesa.pt\/?p=46224"},"modified":"2026-04-15T06:15:16","modified_gmt":"2026-04-15T05:15:16","slug":"we-brought-a-padaria-portuguesa-to-a-great-porto","status":"publish","type":"post","link":"https:\/\/apadariaportuguesa.pt\/en\/we-brought-a-padaria-portuguesa-to-a-great-porto\/","title":{"rendered":"We Brought A Padaria Portuguesa to a Great&#8230;Porto!"},"content":{"rendered":"\n<p>Throughout the 12 years of A Padaria Portuguesa, hundreds of customers have expressed their desire to have our divine P\u00e3o de Deus available in the north of the country as well. Well, the wait is over. In Foz do Douro, Porto, a new Padaria Portuguesa has opened \u2013 and with it, new products exclusive to the region have been introduced.<\/p>\n\n\n\n<p>More and more, we are becoming the bakery for all Portuguese people. After opening our first stores outside the Lisbon district, in Almada and Set\u00fabal, we have now arrived in the beautiful city of Porto \u2013 &#8220;finally&#8221;, as many of our customers would say. The first A Padaria Portuguesa store in Porto \u2013 and the 60th in the country \u2013 was inaugurated on January 13th, at Avenida do Brasil, n\u00ba17, in the Foz area.<\/p>\n\n\n\n<p>To ensure maximum quality and freshness every day, we also opened a new local factory, which will supply the stores in the city of Porto. It is in this factory that our bakers and pastry chefs daily prepare regueifa, p\u00e3o bijou, jesu\u00edta, lanche misto, lanche de cogumelos ostra N\u00c3M, and miniatures of napole\u00e3o, bola de berlim, pastel de nata, and P\u00e3o de Deus \u2013 products specially developed for customers in this region.<\/p>\n\n\n\n<p>The Foz store was the first to open in Porto, but not the only one. On January 25th and February 22nd, respectively, we also inaugurated a bakery in Antas, at Rua Professor Bento de Jesus Cara\u00e7a, n\u00ba235, one in Bom Sucesso, at Rua Gon\u00e7alo Sampaio, n\u00ba395, and one in Matosinhos, at Av. da Rep\u00fablica, n\u00ba44. All four stores are open every day, from 7 AM to 8 PM.<\/p>\n","protected":false},"excerpt":{"rendered":"<p>Throughout the 12 years of A Padaria Portuguesa, hundreds of customers have expressed their desire to have our divine P\u00e3o de Deus available in the north of the country as well. Well, the wait is over. In Foz do Douro, Porto, a new Padaria Portuguesa has opened \u2013 and with it, new products exclusive to [&hellip;]<\/p>\n","protected":false},"author":8,"featured_media":26689,"comment_status":"closed","ping_status":"closed","sticky":false,"template":"","format":"standard","meta":{"_acf_changed":false,"footnotes":""},"categories":[321],"class_list":["post-46224","post","type-post","status-publish","format-standard","has-post-thumbnail","hentry","category-uncategorized"],"acf":[],"yoast_head":"<!-- This site is optimized with the Yoast SEO plugin v27.5 - https:\/\/yoast.com\/product\/yoast-seo-wordpress\/ -->\n<title>We Brought A Padaria Portuguesa to a Great...Porto! - A Padaria Portuguesa<\/title>\n<meta name=\"robots\" content=\"index, follow, max-snippet:-1, max-image-preview:large, max-video-preview:-1\" \/>\n<link rel=\"canonical\" href=\"https:\/\/apadariaportuguesa.pt\/we-brought-a-padaria-portuguesa-to-a-great-porto\/\" \/>\n<meta property=\"og:locale\" content=\"en_US\" \/>\n<meta property=\"og:type\" content=\"article\" \/>\n<meta property=\"og:title\" content=\"- A Padaria Portuguesa\" \/>\n<meta property=\"og:description\" content=\"- A Padaria Portuguesa\" \/>\n<meta property=\"og:url\" content=\"https:\/\/apadariaportuguesa.pt\/we-brought-a-padaria-portuguesa-to-a-great-porto\/\" \/>\n<meta property=\"og:site_name\" content=\"A Padaria Portuguesa\" \/>\n<meta property=\"article:publisher\" content=\"https:\/\/www.facebook.com\/apadariaportuguesa\/\" \/>\n<meta property=\"article:published_time\" content=\"2023-01-23T15:00:08+00:00\" \/>\n<meta property=\"article:modified_time\" content=\"2026-04-15T05:15:16+00:00\" \/>\n<meta property=\"og:image\" content=\"https:\/\/apadariaportuguesa.pt\/wp-content\/uploads\/2023\/01\/20230105_EA_APP0034_HR_CR-1024x683.png\" \/>\n\t<meta property=\"og:image:width\" content=\"1024\" \/>\n\t<meta property=\"og:image:height\" content=\"683\" \/>\n\t<meta property=\"og:image:type\" content=\"image\/png\" \/>\n<meta name=\"author\" content=\"Joana Fernandes\" \/>\n<meta name=\"twitter:card\" content=\"summary_large_image\" \/>\n<meta name=\"twitter:label1\" content=\"Written by\" \/>\n\t<meta name=\"twitter:data1\" content=\"Joana Fernandes\" \/>\n\t<meta name=\"twitter:label2\" content=\"Est. reading time\" \/>\n\t<meta name=\"twitter:data2\" content=\"1 minute\" \/>\n<script type=\"application\/ld+json\" class=\"yoast-schema-graph\">{\"@context\":\"https:\\\/\\\/schema.org\",\"@graph\":[{\"@type\":\"Article\",\"@id\":\"https:\\\/\\\/apadariaportuguesa.pt\\\/we-brought-a-padaria-portuguesa-to-a-great-porto\\\/#article\",\"isPartOf\":{\"@id\":\"https:\\\/\\\/apadariaportuguesa.pt\\\/we-brought-a-padaria-portuguesa-to-a-great-porto\\\/\"},\"author\":{\"name\":\"Joana Fernandes\",\"@id\":\"https:\\\/\\\/apadariaportuguesa.pt\\\/#\\\/schema\\\/person\\\/8f0fc8444a8f77da08590d911bd7268a\"},\"headline\":\"We Brought A Padaria Portuguesa to a Great&#8230;Porto!\",\"datePublished\":\"2023-01-23T15:00:08+00:00\",\"dateModified\":\"2026-04-15T05:15:16+00:00\",\"mainEntityOfPage\":{\"@id\":\"https:\\\/\\\/apadariaportuguesa.pt\\\/we-brought-a-padaria-portuguesa-to-a-great-porto\\\/\"},\"wordCount\":285,\"publisher\":{\"@id\":\"https:\\\/\\\/apadariaportuguesa.pt\\\/#organization\"},\"image\":{\"@id\":\"https:\\\/\\\/apadariaportuguesa.pt\\\/we-brought-a-padaria-portuguesa-to-a-great-porto\\\/#primaryimage\"},\"thumbnailUrl\":\"https:\\\/\\\/apadariaportuguesa.pt\\\/wp-content\\\/uploads\\\/2023\\\/01\\\/20230105_EA_APP0034_HR_CR.png\",\"inLanguage\":\"en-US\"},{\"@type\":\"WebPage\",\"@id\":\"https:\\\/\\\/apadariaportuguesa.pt\\\/we-brought-a-padaria-portuguesa-to-a-great-porto\\\/\",\"url\":\"https:\\\/\\\/apadariaportuguesa.pt\\\/we-brought-a-padaria-portuguesa-to-a-great-porto\\\/\",\"name\":\"We Brought A Padaria Portuguesa to a Great...Porto! - A Padaria Portuguesa\",\"isPartOf\":{\"@id\":\"https:\\\/\\\/apadariaportuguesa.pt\\\/#website\"},\"primaryImageOfPage\":{\"@id\":\"https:\\\/\\\/apadariaportuguesa.pt\\\/we-brought-a-padaria-portuguesa-to-a-great-porto\\\/#primaryimage\"},\"image\":{\"@id\":\"https:\\\/\\\/apadariaportuguesa.pt\\\/we-brought-a-padaria-portuguesa-to-a-great-porto\\\/#primaryimage\"},\"thumbnailUrl\":\"https:\\\/\\\/apadariaportuguesa.pt\\\/wp-content\\\/uploads\\\/2023\\\/01\\\/20230105_EA_APP0034_HR_CR.png\",\"datePublished\":\"2023-01-23T15:00:08+00:00\",\"dateModified\":\"2026-04-15T05:15:16+00:00\",\"breadcrumb\":{\"@id\":\"https:\\\/\\\/apadariaportuguesa.pt\\\/we-brought-a-padaria-portuguesa-to-a-great-porto\\\/#breadcrumb\"},\"inLanguage\":\"en-US\",\"potentialAction\":[{\"@type\":\"ReadAction\",\"target\":[\"https:\\\/\\\/apadariaportuguesa.pt\\\/we-brought-a-padaria-portuguesa-to-a-great-porto\\\/\"]}]},{\"@type\":\"ImageObject\",\"inLanguage\":\"en-US\",\"@id\":\"https:\\\/\\\/apadariaportuguesa.pt\\\/we-brought-a-padaria-portuguesa-to-a-great-porto\\\/#primaryimage\",\"url\":\"https:\\\/\\\/apadariaportuguesa.pt\\\/wp-content\\\/uploads\\\/2023\\\/01\\\/20230105_EA_APP0034_HR_CR.png\",\"contentUrl\":\"https:\\\/\\\/apadariaportuguesa.pt\\\/wp-content\\\/uploads\\\/2023\\\/01\\\/20230105_EA_APP0034_HR_CR.png\",\"width\":2560,\"height\":1708},{\"@type\":\"BreadcrumbList\",\"@id\":\"https:\\\/\\\/apadariaportuguesa.pt\\\/we-brought-a-padaria-portuguesa-to-a-great-porto\\\/#breadcrumb\",\"itemListElement\":[{\"@type\":\"ListItem\",\"position\":1,\"name\":\"Home\",\"item\":\"https:\\\/\\\/apadariaportuguesa.pt\\\/en\\\/\"},{\"@type\":\"ListItem\",\"position\":2,\"name\":\"We Brought A Padaria Portuguesa to a Great&#8230;Porto!\"}]},{\"@type\":\"WebSite\",\"@id\":\"https:\\\/\\\/apadariaportuguesa.pt\\\/#website\",\"url\":\"https:\\\/\\\/apadariaportuguesa.pt\\\/\",\"name\":\"A Padaria Portuguesa\",\"description\":\"\",\"publisher\":{\"@id\":\"https:\\\/\\\/apadariaportuguesa.pt\\\/#organization\"},\"potentialAction\":[{\"@type\":\"SearchAction\",\"target\":{\"@type\":\"EntryPoint\",\"urlTemplate\":\"https:\\\/\\\/apadariaportuguesa.pt\\\/?s={search_term_string}\"},\"query-input\":{\"@type\":\"PropertyValueSpecification\",\"valueRequired\":true,\"valueName\":\"search_term_string\"}}],\"inLanguage\":\"en-US\"},{\"@type\":\"Organization\",\"@id\":\"https:\\\/\\\/apadariaportuguesa.pt\\\/#organization\",\"name\":\"A Padaria Portuguesa\",\"url\":\"https:\\\/\\\/apadariaportuguesa.pt\\\/\",\"logo\":{\"@type\":\"ImageObject\",\"inLanguage\":\"en-US\",\"@id\":\"https:\\\/\\\/apadariaportuguesa.pt\\\/#\\\/schema\\\/logo\\\/image\\\/\",\"url\":\"https:\\\/\\\/apadariaportuguesa.pt\\\/wp-content\\\/uploads\\\/2022\\\/05\\\/share.jpg\",\"contentUrl\":\"https:\\\/\\\/apadariaportuguesa.pt\\\/wp-content\\\/uploads\\\/2022\\\/05\\\/share.jpg\",\"width\":1200,\"height\":630,\"caption\":\"A Padaria Portuguesa\"},\"image\":{\"@id\":\"https:\\\/\\\/apadariaportuguesa.pt\\\/#\\\/schema\\\/logo\\\/image\\\/\"},\"sameAs\":[\"https:\\\/\\\/www.facebook.com\\\/apadariaportuguesa\\\/\",\"https:\\\/\\\/www.instagram.com\\\/apadariaportuguesa\\\/\",\"https:\\\/\\\/pt.linkedin.com\\\/company\\\/apadariaportuguesa\"]},{\"@type\":\"Person\",\"@id\":\"https:\\\/\\\/apadariaportuguesa.pt\\\/#\\\/schema\\\/person\\\/8f0fc8444a8f77da08590d911bd7268a\",\"name\":\"Joana Fernandes\",\"image\":{\"@type\":\"ImageObject\",\"inLanguage\":\"en-US\",\"@id\":\"https:\\\/\\\/secure.gravatar.com\\\/avatar\\\/9daf94e2636f6d38cc290b77362df11b7ee8d8e272547c40b84445dc19fe4c65?s=96&d=mm&r=g\",\"url\":\"https:\\\/\\\/secure.gravatar.com\\\/avatar\\\/9daf94e2636f6d38cc290b77362df11b7ee8d8e272547c40b84445dc19fe4c65?s=96&d=mm&r=g\",\"contentUrl\":\"https:\\\/\\\/secure.gravatar.com\\\/avatar\\\/9daf94e2636f6d38cc290b77362df11b7ee8d8e272547c40b84445dc19fe4c65?s=96&d=mm&r=g\",\"caption\":\"Joana Fernandes\"}}]}<\/script>\n<!-- \/ Yoast SEO plugin. -->","yoast_head_json":{"title":"We Brought A Padaria Portuguesa to a Great...Porto! - A Padaria Portuguesa","robots":{"index":"index","follow":"follow","max-snippet":"max-snippet:-1","max-image-preview":"max-image-preview:large","max-video-preview":"max-video-preview:-1"},"canonical":"https:\/\/apadariaportuguesa.pt\/we-brought-a-padaria-portuguesa-to-a-great-porto\/","og_locale":"en_US","og_type":"article","og_title":"- A Padaria Portuguesa","og_description":"- A Padaria Portuguesa","og_url":"https:\/\/apadariaportuguesa.pt\/we-brought-a-padaria-portuguesa-to-a-great-porto\/","og_site_name":"A Padaria Portuguesa","article_publisher":"https:\/\/www.facebook.com\/apadariaportuguesa\/","article_published_time":"2023-01-23T15:00:08+00:00","article_modified_time":"2026-04-15T05:15:16+00:00","og_image":[{"width":1024,"height":683,"url":"https:\/\/apadariaportuguesa.pt\/wp-content\/uploads\/2023\/01\/20230105_EA_APP0034_HR_CR-1024x683.png","type":"image\/png"}],"author":"Joana Fernandes","twitter_card":"summary_large_image","twitter_misc":{"Written by":"Joana Fernandes","Est. reading time":"1 minute"},"schema":{"@context":"https:\/\/schema.org","@graph":[{"@type":"Article","@id":"https:\/\/apadariaportuguesa.pt\/we-brought-a-padaria-portuguesa-to-a-great-porto\/#article","isPartOf":{"@id":"https:\/\/apadariaportuguesa.pt\/we-brought-a-padaria-portuguesa-to-a-great-porto\/"},"author":{"name":"Joana Fernandes","@id":"https:\/\/apadariaportuguesa.pt\/#\/schema\/person\/8f0fc8444a8f77da08590d911bd7268a"},"headline":"We Brought A Padaria Portuguesa to a Great&#8230;Porto!","datePublished":"2023-01-23T15:00:08+00:00","dateModified":"2026-04-15T05:15:16+00:00","mainEntityOfPage":{"@id":"https:\/\/apadariaportuguesa.pt\/we-brought-a-padaria-portuguesa-to-a-great-porto\/"},"wordCount":285,"publisher":{"@id":"https:\/\/apadariaportuguesa.pt\/#organization"},"image":{"@id":"https:\/\/apadariaportuguesa.pt\/we-brought-a-padaria-portuguesa-to-a-great-porto\/#primaryimage"},"thumbnailUrl":"https:\/\/apadariaportuguesa.pt\/wp-content\/uploads\/2023\/01\/20230105_EA_APP0034_HR_CR.png","inLanguage":"en-US"},{"@type":"WebPage","@id":"https:\/\/apadariaportuguesa.pt\/we-brought-a-padaria-portuguesa-to-a-great-porto\/","url":"https:\/\/apadariaportuguesa.pt\/we-brought-a-padaria-portuguesa-to-a-great-porto\/","name":"We Brought A Padaria Portuguesa to a Great...Porto! - A Padaria Portuguesa","isPartOf":{"@id":"https:\/\/apadariaportuguesa.pt\/#website"},"primaryImageOfPage":{"@id":"https:\/\/apadariaportuguesa.pt\/we-brought-a-padaria-portuguesa-to-a-great-porto\/#primaryimage"},"image":{"@id":"https:\/\/apadariaportuguesa.pt\/we-brought-a-padaria-portuguesa-to-a-great-porto\/#primaryimage"},"thumbnailUrl":"https:\/\/apadariaportuguesa.pt\/wp-content\/uploads\/2023\/01\/20230105_EA_APP0034_HR_CR.png","datePublished":"2023-01-23T15:00:08+00:00","dateModified":"2026-04-15T05:15:16+00:00","breadcrumb":{"@id":"https:\/\/apadariaportuguesa.pt\/we-brought-a-padaria-portuguesa-to-a-great-porto\/#breadcrumb"},"inLanguage":"en-US","potentialAction":[{"@type":"ReadAction","target":["https:\/\/apadariaportuguesa.pt\/we-brought-a-padaria-portuguesa-to-a-great-porto\/"]}]},{"@type":"ImageObject","inLanguage":"en-US","@id":"https:\/\/apadariaportuguesa.pt\/we-brought-a-padaria-portuguesa-to-a-great-porto\/#primaryimage","url":"https:\/\/apadariaportuguesa.pt\/wp-content\/uploads\/2023\/01\/20230105_EA_APP0034_HR_CR.png","contentUrl":"https:\/\/apadariaportuguesa.pt\/wp-content\/uploads\/2023\/01\/20230105_EA_APP0034_HR_CR.png","width":2560,"height":1708},{"@type":"BreadcrumbList","@id":"https:\/\/apadariaportuguesa.pt\/we-brought-a-padaria-portuguesa-to-a-great-porto\/#breadcrumb","itemListElement":[{"@type":"ListItem","position":1,"name":"Home","item":"https:\/\/apadariaportuguesa.pt\/en\/"},{"@type":"ListItem","position":2,"name":"We Brought A Padaria Portuguesa to a Great&#8230;Porto!"}]},{"@type":"WebSite","@id":"https:\/\/apadariaportuguesa.pt\/#website","url":"https:\/\/apadariaportuguesa.pt\/","name":"A Padaria Portuguesa","description":"","publisher":{"@id":"https:\/\/apadariaportuguesa.pt\/#organization"},"potentialAction":[{"@type":"SearchAction","target":{"@type":"EntryPoint","urlTemplate":"https:\/\/apadariaportuguesa.pt\/?s={search_term_string}"},"query-input":{"@type":"PropertyValueSpecification","valueRequired":true,"valueName":"search_term_string"}}],"inLanguage":"en-US"},{"@type":"Organization","@id":"https:\/\/apadariaportuguesa.pt\/#organization","name":"A Padaria Portuguesa","url":"https:\/\/apadariaportuguesa.pt\/","logo":{"@type":"ImageObject","inLanguage":"en-US","@id":"https:\/\/apadariaportuguesa.pt\/#\/schema\/logo\/image\/","url":"https:\/\/apadariaportuguesa.pt\/wp-content\/uploads\/2022\/05\/share.jpg","contentUrl":"https:\/\/apadariaportuguesa.pt\/wp-content\/uploads\/2022\/05\/share.jpg","width":1200,"height":630,"caption":"A Padaria Portuguesa"},"image":{"@id":"https:\/\/apadariaportuguesa.pt\/#\/schema\/logo\/image\/"},"sameAs":["https:\/\/www.facebook.com\/apadariaportuguesa\/","https:\/\/www.instagram.com\/apadariaportuguesa\/","https:\/\/pt.linkedin.com\/company\/apadariaportuguesa"]},{"@type":"Person","@id":"https:\/\/apadariaportuguesa.pt\/#\/schema\/person\/8f0fc8444a8f77da08590d911bd7268a","name":"Joana Fernandes","image":{"@type":"ImageObject","inLanguage":"en-US","@id":"https:\/\/secure.gravatar.com\/avatar\/9daf94e2636f6d38cc290b77362df11b7ee8d8e272547c40b84445dc19fe4c65?s=96&d=mm&r=g","url":"https:\/\/secure.gravatar.com\/avatar\/9daf94e2636f6d38cc290b77362df11b7ee8d8e272547c40b84445dc19fe4c65?s=96&d=mm&r=g","contentUrl":"https:\/\/secure.gravatar.com\/avatar\/9daf94e2636f6d38cc290b77362df11b7ee8d8e272547c40b84445dc19fe4c65?s=96&d=mm&r=g","caption":"Joana Fernandes"}}]}},"_links":{"self":[{"href":"https:\/\/apadariaportuguesa.pt\/en\/wp-json\/wp\/v2\/posts\/46224","targetHints":{"allow":["GET"]}}],"collection":[{"href":"https:\/\/apadariaportuguesa.pt\/en\/wp-json\/wp\/v2\/posts"}],"about":[{"href":"https:\/\/apadariaportuguesa.pt\/en\/wp-json\/wp\/v2\/types\/post"}],"author":[{"embeddable":true,"href":"https:\/\/apadariaportuguesa.pt\/en\/wp-json\/wp\/v2\/users\/8"}],"replies":[{"embeddable":true,"href":"https:\/\/apadariaportuguesa.pt\/en\/wp-json\/wp\/v2\/comments?post=46224"}],"version-history":[{"count":1,"href":"https:\/\/apadariaportuguesa.pt\/en\/wp-json\/wp\/v2\/posts\/46224\/revisions"}],"predecessor-version":[{"id":72056,"href":"https:\/\/apadariaportuguesa.pt\/en\/wp-json\/wp\/v2\/posts\/46224\/revisions\/72056"}],"wp:featuredmedia":[{"embeddable":true,"href":"https:\/\/apadariaportuguesa.pt\/en\/wp-json\/wp\/v2\/media\/26689"}],"wp:attachment":[{"href":"https:\/\/apadariaportuguesa.pt\/en\/wp-json\/wp\/v2\/media?parent=46224"}],"wp:term":[{"taxonomy":"category","embeddable":true,"href":"https:\/\/apadariaportuguesa.pt\/en\/wp-json\/wp\/v2\/categories?post=46224"}],"curies":[{"name":"wp","href":"https:\/\/api.w.org\/{rel}","templated":true}]}}